{"id":9486,"date":"2025-05-23T05:54:53","date_gmt":"2025-05-23T05:54:53","guid":{"rendered":"https:\/\/elevatecompetences.com\/?p=9486"},"modified":"2025-05-23T05:55:09","modified_gmt":"2025-05-23T05:55:09","slug":"gracias-por-participar-en-nuestra-encuesta-sobre-competencia-intercultural","status":"publish","type":"post","link":"https:\/\/elevatecompetences.com\/es\/gracias-por-participar-en-nuestra-encuesta-sobre-competencia-intercultural\/","title":{"rendered":"\u00a1Gracias por participar en nuestra encuesta sobre competencia intercultural!"},"content":{"rendered":"<p>Queremos agradecer a todas las personas que participaron en nuestra encuesta sobre la <strong>competencia intercultural en organizaciones<\/strong>. Hemos finalizado el proceso de recopilaci\u00f3n de datos y estamos muy agradecidos por el inter\u00e9s, el tiempo y la profundidad de las respuestas recibidas.<\/p>\n\n\n\n<p>Esta encuesta forma parte de un proyecto que busca desarrollar una herramienta pr\u00e1ctica y accesible para ayudar a las organizaciones a <strong>comprender y fortalecer su competencia intercultural<\/strong>, no solo a nivel individual, sino tambi\u00e9n en equipos y sistemas organizativos m\u00e1s amplios.<\/p>\n\n\n\n<p>Gracias a vuestras aportaciones, estamos un paso m\u00e1s cerca de crear un recurso que facilite procesos de reflexi\u00f3n, mejora continua y transformaci\u00f3n cultural sostenible.<\/p>\n\n\n\n<p>\ud83d\udcca <strong>\u00bfQu\u00e9 sigue ahora?<\/strong><br>Analizaremos los datos recopilados y seguiremos trabajando en el dise\u00f1o de una herramienta que ser\u00e1 <strong>gratuita y accesible para todos<\/strong>. Pronto compartiremos m\u00e1s novedades sobre su lanzamiento.<\/p>\n\n\n\n<p>De parte del equipo de ELEVATE, \u00a1gracias por ser parte de este viaje hacia organizaciones m\u00e1s inclusivas, conscientes y preparadas para un mundo diverso!<\/p>","protected":false},"excerpt":{"rendered":"<p>Queremos agradecer a todas las personas que participaron en nuestra encuesta sobre la competencia intercultural en organizaciones. Hemos finalizado el proceso de recopilaci\u00f3n de datos y estamos muy agradecidos por el inter\u00e9s, el tiempo y la profundidad de las respuestas recibidas. Esta encuesta forma parte de un proyecto que busca desarrollar una herramienta pr\u00e1ctica y [&hellip;]<\/p>\n","protected":false},"author":3,"featured_media":0,"comment_status":"closed","ping_status":"open","sticky":false,"template":"","format":"standard","meta":{"footnotes":""},"categories":[38],"tags":[],"class_list":["post-9486","post","type-post","status-publish","format-standard","hentry","category-uncategorized-es"],"blocksy_meta":[],"yoast_head":"<!-- This site is optimized with the Yoast SEO plugin v27.4 - https:\/\/yoast.com\/product\/yoast-seo-wordpress\/ -->\n<title>\u00a1Gracias por participar en nuestra encuesta sobre competencia intercultural! - ELEVATE<\/title>\n<meta name=\"robots\" content=\"index, follow, max-snippet:-1, max-image-preview:large, max-video-preview:-1\" \/>\n<link rel=\"canonical\" href=\"https:\/\/elevatecompetences.com\/es\/gracias-por-participar-en-nuestra-encuesta-sobre-competencia-intercultural\/\" \/>\n<meta property=\"og:locale\" content=\"es_ES\" \/>\n<meta property=\"og:type\" content=\"article\" \/>\n<meta property=\"og:title\" content=\"\u00a1Gracias por participar en nuestra encuesta sobre competencia intercultural! - ELEVATE\" \/>\n<meta property=\"og:description\" content=\"Queremos agradecer a todas las personas que participaron en nuestra encuesta sobre la competencia intercultural en organizaciones. Hemos finalizado el proceso de recopilaci\u00f3n de datos y estamos muy agradecidos por el inter\u00e9s, el tiempo y la profundidad de las respuestas recibidas. Esta encuesta forma parte de un proyecto que busca desarrollar una herramienta pr\u00e1ctica y [&hellip;]\" \/>\n<meta property=\"og:url\" content=\"https:\/\/elevatecompetences.com\/es\/gracias-por-participar-en-nuestra-encuesta-sobre-competencia-intercultural\/\" \/>\n<meta property=\"og:site_name\" content=\"ELEVATE\" \/>\n<meta property=\"article:published_time\" content=\"2025-05-23T05:54:53+00:00\" \/>\n<meta property=\"article:modified_time\" content=\"2025-05-23T05:55:09+00:00\" \/>\n<meta name=\"author\" content=\"jonathan Fontan\" \/>\n<meta name=\"twitter:card\" content=\"summary_large_image\" \/>\n<meta name=\"twitter:label1\" content=\"Escrito por\" \/>\n\t<meta name=\"twitter:data1\" content=\"jonathan Fontan\" \/>\n\t<meta name=\"twitter:label2\" content=\"Tiempo de lectura\" \/>\n\t<meta name=\"twitter:data2\" content=\"1 minuto\" \/>\n<script type=\"application\/ld+json\" class=\"yoast-schema-graph\">{\"@context\":\"https:\\\/\\\/schema.org\",\"@graph\":[{\"@type\":\"Article\",\"@id\":\"https:\\\/\\\/elevatecompetences.com\\\/es\\\/gracias-por-participar-en-nuestra-encuesta-sobre-competencia-intercultural\\\/#article\",\"isPartOf\":{\"@id\":\"https:\\\/\\\/elevatecompetences.com\\\/es\\\/gracias-por-participar-en-nuestra-encuesta-sobre-competencia-intercultural\\\/\"},\"author\":{\"name\":\"jonathan Fontan\",\"@id\":\"https:\\\/\\\/elevatecompetences.com\\\/es\\\/#\\\/schema\\\/person\\\/8beecdcb2f304fa77a33b9f720460f70\"},\"headline\":\"\u00a1Gracias por participar en nuestra encuesta sobre competencia intercultural!\",\"datePublished\":\"2025-05-23T05:54:53+00:00\",\"dateModified\":\"2025-05-23T05:55:09+00:00\",\"mainEntityOfPage\":{\"@id\":\"https:\\\/\\\/elevatecompetences.com\\\/es\\\/gracias-por-participar-en-nuestra-encuesta-sobre-competencia-intercultural\\\/\"},\"wordCount\":180,\"publisher\":{\"@id\":\"https:\\\/\\\/elevatecompetences.com\\\/es\\\/#organization\"},\"articleSection\":[\"Uncategorized\"],\"inLanguage\":\"es\"},{\"@type\":\"WebPage\",\"@id\":\"https:\\\/\\\/elevatecompetences.com\\\/es\\\/gracias-por-participar-en-nuestra-encuesta-sobre-competencia-intercultural\\\/\",\"url\":\"https:\\\/\\\/elevatecompetences.com\\\/es\\\/gracias-por-participar-en-nuestra-encuesta-sobre-competencia-intercultural\\\/\",\"name\":\"\u00a1Gracias por participar en nuestra encuesta sobre competencia intercultural! - ELEVATE\",\"isPartOf\":{\"@id\":\"https:\\\/\\\/elevatecompetences.com\\\/es\\\/#website\"},\"datePublished\":\"2025-05-23T05:54:53+00:00\",\"dateModified\":\"2025-05-23T05:55:09+00:00\",\"breadcrumb\":{\"@id\":\"https:\\\/\\\/elevatecompetences.com\\\/es\\\/gracias-por-participar-en-nuestra-encuesta-sobre-competencia-intercultural\\\/#breadcrumb\"},\"inLanguage\":\"es\",\"potentialAction\":[{\"@type\":\"ReadAction\",\"target\":[\"https:\\\/\\\/elevatecompetences.com\\\/es\\\/gracias-por-participar-en-nuestra-encuesta-sobre-competencia-intercultural\\\/\"]}]},{\"@type\":\"BreadcrumbList\",\"@id\":\"https:\\\/\\\/elevatecompetences.com\\\/es\\\/gracias-por-participar-en-nuestra-encuesta-sobre-competencia-intercultural\\\/#breadcrumb\",\"itemListElement\":[{\"@type\":\"ListItem\",\"position\":1,\"name\":\"Home\",\"item\":\"https:\\\/\\\/elevatecompetences.com\\\/es\\\/home-spanish\\\/\"},{\"@type\":\"ListItem\",\"position\":2,\"name\":\"\u00a1Gracias por participar en nuestra encuesta sobre competencia intercultural!\"}]},{\"@type\":\"WebSite\",\"@id\":\"https:\\\/\\\/elevatecompetences.com\\\/es\\\/#website\",\"url\":\"https:\\\/\\\/elevatecompetences.com\\\/es\\\/\",\"name\":\"ELEVATE\",\"description\":\"Funded by the Erasmus+ Programme, ELEVATE brings together an international consortium of academic institutions, training providers, and social innovation organizations across different european countries. The project aims to redefine how intercultural competence is developed, evaluated, and sustained in vocational education and training (VET) and in broader organizational learning ecosystems.\",\"publisher\":{\"@id\":\"https:\\\/\\\/elevatecompetences.com\\\/es\\\/#organization\"},\"potentialAction\":[{\"@type\":\"SearchAction\",\"target\":{\"@type\":\"EntryPoint\",\"urlTemplate\":\"https:\\\/\\\/elevatecompetences.com\\\/es\\\/?s={search_term_string}\"},\"query-input\":{\"@type\":\"PropertyValueSpecification\",\"valueRequired\":true,\"valueName\":\"search_term_string\"}}],\"inLanguage\":\"es\"},{\"@type\":\"Organization\",\"@id\":\"https:\\\/\\\/elevatecompetences.com\\\/es\\\/#organization\",\"name\":\"ELEVATE\",\"url\":\"https:\\\/\\\/elevatecompetences.com\\\/es\\\/\",\"logo\":{\"@type\":\"ImageObject\",\"inLanguage\":\"es\",\"@id\":\"https:\\\/\\\/elevatecompetences.com\\\/es\\\/#\\\/schema\\\/logo\\\/image\\\/\",\"url\":\"https:\\\/\\\/elevatecompetences.com\\\/wp-content\\\/uploads\\\/2025\\\/02\\\/elevate-4-1.png\",\"contentUrl\":\"https:\\\/\\\/elevatecompetences.com\\\/wp-content\\\/uploads\\\/2025\\\/02\\\/elevate-4-1.png\",\"width\":208,\"height\":245,\"caption\":\"ELEVATE\"},\"image\":{\"@id\":\"https:\\\/\\\/elevatecompetences.com\\\/es\\\/#\\\/schema\\\/logo\\\/image\\\/\"}},{\"@type\":\"Person\",\"@id\":\"https:\\\/\\\/elevatecompetences.com\\\/es\\\/#\\\/schema\\\/person\\\/8beecdcb2f304fa77a33b9f720460f70\",\"name\":\"jonathan Fontan\",\"image\":{\"@type\":\"ImageObject\",\"inLanguage\":\"es\",\"@id\":\"https:\\\/\\\/secure.gravatar.com\\\/avatar\\\/b82b9ebd8fdbb8a8300b031b0962e1e8c13e88937f3028bcddd71a05d023614b?s=96&d=mm&r=g\",\"url\":\"https:\\\/\\\/secure.gravatar.com\\\/avatar\\\/b82b9ebd8fdbb8a8300b031b0962e1e8c13e88937f3028bcddd71a05d023614b?s=96&d=mm&r=g\",\"contentUrl\":\"https:\\\/\\\/secure.gravatar.com\\\/avatar\\\/b82b9ebd8fdbb8a8300b031b0962e1e8c13e88937f3028bcddd71a05d023614b?s=96&d=mm&r=g\",\"caption\":\"jonathan Fontan\"},\"url\":\"https:\\\/\\\/elevatecompetences.com\\\/es\\\/author\\\/jfontan\\\/\"}]}<\/script>\n<!-- \/ Yoast SEO plugin. -->","yoast_head_json":{"title":"\u00a1Gracias por participar en nuestra encuesta sobre competencia intercultural! - ELEVATE","robots":{"index":"index","follow":"follow","max-snippet":"max-snippet:-1","max-image-preview":"max-image-preview:large","max-video-preview":"max-video-preview:-1"},"canonical":"https:\/\/elevatecompetences.com\/es\/gracias-por-participar-en-nuestra-encuesta-sobre-competencia-intercultural\/","og_locale":"es_ES","og_type":"article","og_title":"\u00a1Gracias por participar en nuestra encuesta sobre competencia intercultural! - ELEVATE","og_description":"Queremos agradecer a todas las personas que participaron en nuestra encuesta sobre la competencia intercultural en organizaciones. Hemos finalizado el proceso de recopilaci\u00f3n de datos y estamos muy agradecidos por el inter\u00e9s, el tiempo y la profundidad de las respuestas recibidas. Esta encuesta forma parte de un proyecto que busca desarrollar una herramienta pr\u00e1ctica y [&hellip;]","og_url":"https:\/\/elevatecompetences.com\/es\/gracias-por-participar-en-nuestra-encuesta-sobre-competencia-intercultural\/","og_site_name":"ELEVATE","article_published_time":"2025-05-23T05:54:53+00:00","article_modified_time":"2025-05-23T05:55:09+00:00","author":"jonathan Fontan","twitter_card":"summary_large_image","twitter_misc":{"Escrito por":"jonathan Fontan","Tiempo de lectura":"1 minuto"},"schema":{"@context":"https:\/\/schema.org","@graph":[{"@type":"Article","@id":"https:\/\/elevatecompetences.com\/es\/gracias-por-participar-en-nuestra-encuesta-sobre-competencia-intercultural\/#article","isPartOf":{"@id":"https:\/\/elevatecompetences.com\/es\/gracias-por-participar-en-nuestra-encuesta-sobre-competencia-intercultural\/"},"author":{"name":"jonathan Fontan","@id":"https:\/\/elevatecompetences.com\/es\/#\/schema\/person\/8beecdcb2f304fa77a33b9f720460f70"},"headline":"\u00a1Gracias por participar en nuestra encuesta sobre competencia intercultural!","datePublished":"2025-05-23T05:54:53+00:00","dateModified":"2025-05-23T05:55:09+00:00","mainEntityOfPage":{"@id":"https:\/\/elevatecompetences.com\/es\/gracias-por-participar-en-nuestra-encuesta-sobre-competencia-intercultural\/"},"wordCount":180,"publisher":{"@id":"https:\/\/elevatecompetences.com\/es\/#organization"},"articleSection":["Uncategorized"],"inLanguage":"es"},{"@type":"WebPage","@id":"https:\/\/elevatecompetences.com\/es\/gracias-por-participar-en-nuestra-encuesta-sobre-competencia-intercultural\/","url":"https:\/\/elevatecompetences.com\/es\/gracias-por-participar-en-nuestra-encuesta-sobre-competencia-intercultural\/","name":"\u00a1Gracias por participar en nuestra encuesta sobre competencia intercultural! - ELEVATE","isPartOf":{"@id":"https:\/\/elevatecompetences.com\/es\/#website"},"datePublished":"2025-05-23T05:54:53+00:00","dateModified":"2025-05-23T05:55:09+00:00","breadcrumb":{"@id":"https:\/\/elevatecompetences.com\/es\/gracias-por-participar-en-nuestra-encuesta-sobre-competencia-intercultural\/#breadcrumb"},"inLanguage":"es","potentialAction":[{"@type":"ReadAction","target":["https:\/\/elevatecompetences.com\/es\/gracias-por-participar-en-nuestra-encuesta-sobre-competencia-intercultural\/"]}]},{"@type":"BreadcrumbList","@id":"https:\/\/elevatecompetences.com\/es\/gracias-por-participar-en-nuestra-encuesta-sobre-competencia-intercultural\/#breadcrumb","itemListElement":[{"@type":"ListItem","position":1,"name":"Home","item":"https:\/\/elevatecompetences.com\/es\/home-spanish\/"},{"@type":"ListItem","position":2,"name":"\u00a1Gracias por participar en nuestra encuesta sobre competencia intercultural!"}]},{"@type":"WebSite","@id":"https:\/\/elevatecompetences.com\/es\/#website","url":"https:\/\/elevatecompetences.com\/es\/","name":"ELEVAR","description":"Funded by the Erasmus+ Programme, ELEVATE brings together an international consortium of academic institutions, training providers, and social innovation organizations across different european countries. The project aims to redefine how intercultural competence is developed, evaluated, and sustained in vocational education and training (VET) and in broader organizational learning ecosystems.","publisher":{"@id":"https:\/\/elevatecompetences.com\/es\/#organization"},"potentialAction":[{"@type":"SearchAction","target":{"@type":"EntryPoint","urlTemplate":"https:\/\/elevatecompetences.com\/es\/?s={search_term_string}"},"query-input":{"@type":"PropertyValueSpecification","valueRequired":true,"valueName":"search_term_string"}}],"inLanguage":"es"},{"@type":"Organization","@id":"https:\/\/elevatecompetences.com\/es\/#organization","name":"ELEVAR","url":"https:\/\/elevatecompetences.com\/es\/","logo":{"@type":"ImageObject","inLanguage":"es","@id":"https:\/\/elevatecompetences.com\/es\/#\/schema\/logo\/image\/","url":"https:\/\/elevatecompetences.com\/wp-content\/uploads\/2025\/02\/elevate-4-1.png","contentUrl":"https:\/\/elevatecompetences.com\/wp-content\/uploads\/2025\/02\/elevate-4-1.png","width":208,"height":245,"caption":"ELEVATE"},"image":{"@id":"https:\/\/elevatecompetences.com\/es\/#\/schema\/logo\/image\/"}},{"@type":"Person","@id":"https:\/\/elevatecompetences.com\/es\/#\/schema\/person\/8beecdcb2f304fa77a33b9f720460f70","name":"jonathan Fontan","image":{"@type":"ImageObject","inLanguage":"es","@id":"https:\/\/secure.gravatar.com\/avatar\/b82b9ebd8fdbb8a8300b031b0962e1e8c13e88937f3028bcddd71a05d023614b?s=96&d=mm&r=g","url":"https:\/\/secure.gravatar.com\/avatar\/b82b9ebd8fdbb8a8300b031b0962e1e8c13e88937f3028bcddd71a05d023614b?s=96&d=mm&r=g","contentUrl":"https:\/\/secure.gravatar.com\/avatar\/b82b9ebd8fdbb8a8300b031b0962e1e8c13e88937f3028bcddd71a05d023614b?s=96&d=mm&r=g","caption":"jonathan Fontan"},"url":"https:\/\/elevatecompetences.com\/es\/author\/jfontan\/"}]}},"_links":{"self":[{"href":"https:\/\/elevatecompetences.com\/es\/wp-json\/wp\/v2\/posts\/9486","targetHints":{"allow":["GET"]}}],"collection":[{"href":"https:\/\/elevatecompetences.com\/es\/wp-json\/wp\/v2\/posts"}],"about":[{"href":"https:\/\/elevatecompetences.com\/es\/wp-json\/wp\/v2\/types\/post"}],"author":[{"embeddable":true,"href":"https:\/\/elevatecompetences.com\/es\/wp-json\/wp\/v2\/users\/3"}],"replies":[{"embeddable":true,"href":"https:\/\/elevatecompetences.com\/es\/wp-json\/wp\/v2\/comments?post=9486"}],"version-history":[{"count":2,"href":"https:\/\/elevatecompetences.com\/es\/wp-json\/wp\/v2\/posts\/9486\/revisions"}],"predecessor-version":[{"id":9488,"href":"https:\/\/elevatecompetences.com\/es\/wp-json\/wp\/v2\/posts\/9486\/revisions\/9488"}],"wp:attachment":[{"href":"https:\/\/elevatecompetences.com\/es\/wp-json\/wp\/v2\/media?parent=9486"}],"wp:term":[{"taxonomy":"category","embeddable":true,"href":"https:\/\/elevatecompetences.com\/es\/wp-json\/wp\/v2\/categories?post=9486"},{"taxonomy":"post_tag","embeddable":true,"href":"https:\/\/elevatecompetences.com\/es\/wp-json\/wp\/v2\/tags?post=9486"}],"curies":[{"name":"wp","href":"https:\/\/api.w.org\/{rel}","templated":true}]}}