{"id":9476,"date":"2025-05-23T05:25:07","date_gmt":"2025-05-23T05:25:07","guid":{"rendered":"https:\/\/elevatecompetences.com\/?p=9476"},"modified":"2025-05-23T05:26:48","modified_gmt":"2025-05-23T05:26:48","slug":"proximo-evento-conferencia-sobre-diversidad-e-innovacion-2025","status":"publish","type":"post","link":"https:\/\/elevatecompetences.com\/es\/proximo-evento-conferencia-sobre-diversidad-e-innovacion-2025\/","title":{"rendered":"Pr\u00f3ximo evento: Conferencia sobre Diversidad e Innovaci\u00f3n 2025"},"content":{"rendered":"<p>Nos complace anunciar que la Conferencia sobre Diversidad e Innovaci\u00f3n 2025 est\u00e1 a la vuelta de la esquina. El evento de este a\u00f1o promete ser una reuni\u00f3n excepcional de profesionales, educadores y agentes de cambio dedicados a promover la diversidad, la equidad, la inclusi\u00f3n y la innovaci\u00f3n en el aprendizaje y el desarrollo.<\/p>\n\n\n\n<p>Fechas: 30 y 31 de mayo de 2025<br>Lugar: Wroc\u0142aw, Polonia &amp; Online<\/p>\n\n\n\n<p>Este evento h\u00edbrido contar\u00e1 con un programa din\u00e1mico que incluir\u00e1<\/p>\n\n\n\n<ul class=\"wp-block-list\">\n<li>M\u00e1s de 30 presentaciones de expertos<\/li>\n\n\n\n<li>15 talleres pr\u00e1cticos<\/li>\n\n\n\n<li>Una sesi\u00f3n World Caf\u00e9 de creaci\u00f3n de redes e intercambio de ideas<\/li>\n\n\n\n<li>M\u00e1s de 70 ponentes de los cinco continentes<\/li>\n\n\n\n<li>Un City Game &amp; D&amp;I Party \u00fanico en el coraz\u00f3n de Wroc\u0142aw<\/li>\n<\/ul>\n\n\n\n<p>La conferencia explorar\u00e1 temas cr\u00edticos como DEIB (Diversidad, Equidad, Inclusi\u00f3n y Pertenencia), justicia social, IA en educaci\u00f3n y formaci\u00f3n intercultural.<\/p>\n\n\n\n<p>La inscripci\u00f3n sigue abierta: <a href=\"https:\/\/buy.stripe.com\/bIY6rZb0fgCiaHu00v\">Inscripci\u00f3n presencial<\/a> \/ <a href=\"https:\/\/buy.stripe.com\/9AQ9Ebd8nadU02QaF8\">Inscripci\u00f3n online<\/a><\/p>\n\n\n\n<p>El evento est\u00e1 organizado por la Academia para la Diversidad y la Innovaci\u00f3n y co-creado en estrecha colaboraci\u00f3n con una red de estimados socios, incluidos nosotros en ELEVATE, junto con SIETAR Polska, WrOpenUp, el Consejo Mundial de Competencia Intercultural y Global, y The Talk Box.<\/p>\n\n\n\n<p>\u00danase a nosotros para dar forma al futuro de la innovaci\u00f3n inclusiva. Esperamos poder darle la bienvenida.<\/p>","protected":false},"excerpt":{"rendered":"<p>Nos complace anunciar que la Conferencia sobre Diversidad e Innovaci\u00f3n 2025 est\u00e1 a la vuelta de la esquina. El evento de este a\u00f1o promete ser una reuni\u00f3n excepcional de profesionales, educadores y agentes de cambio dedicados a promover la diversidad, la equidad, la inclusi\u00f3n y la innovaci\u00f3n en el aprendizaje y el desarrollo. Fechas: 30 [&hellip;]<\/p>\n","protected":false},"author":3,"featured_media":0,"comment_status":"closed","ping_status":"open","sticky":false,"template":"","format":"standard","meta":{"footnotes":""},"categories":[38],"tags":[],"class_list":["post-9476","post","type-post","status-publish","format-standard","hentry","category-uncategorized-es"],"blocksy_meta":[],"yoast_head":"<!-- This site is optimized with the Yoast SEO plugin v27.4 - https:\/\/yoast.com\/product\/yoast-seo-wordpress\/ -->\n<title>Pr\u00f3ximo evento: Conferencia sobre Diversidad e Innovaci\u00f3n 2025 - ELEVATE<\/title>\n<meta name=\"robots\" content=\"index, follow, max-snippet:-1, max-image-preview:large, max-video-preview:-1\" \/>\n<link rel=\"canonical\" href=\"https:\/\/elevatecompetences.com\/es\/proximo-evento-conferencia-sobre-diversidad-e-innovacion-2025\/\" \/>\n<meta property=\"og:locale\" content=\"es_ES\" \/>\n<meta property=\"og:type\" content=\"article\" \/>\n<meta property=\"og:title\" content=\"Pr\u00f3ximo evento: Conferencia sobre Diversidad e Innovaci\u00f3n 2025 - ELEVATE\" \/>\n<meta property=\"og:description\" content=\"Nos complace anunciar que la Conferencia sobre Diversidad e Innovaci\u00f3n 2025 est\u00e1 a la vuelta de la esquina. El evento de este a\u00f1o promete ser una reuni\u00f3n excepcional de profesionales, educadores y agentes de cambio dedicados a promover la diversidad, la equidad, la inclusi\u00f3n y la innovaci\u00f3n en el aprendizaje y el desarrollo. Fechas: 30 [&hellip;]\" \/>\n<meta property=\"og:url\" content=\"https:\/\/elevatecompetences.com\/es\/proximo-evento-conferencia-sobre-diversidad-e-innovacion-2025\/\" \/>\n<meta property=\"og:site_name\" content=\"ELEVATE\" \/>\n<meta property=\"article:published_time\" content=\"2025-05-23T05:25:07+00:00\" \/>\n<meta property=\"article:modified_time\" content=\"2025-05-23T05:26:48+00:00\" \/>\n<meta name=\"author\" content=\"jonathan Fontan\" \/>\n<meta name=\"twitter:card\" content=\"summary_large_image\" \/>\n<meta name=\"twitter:label1\" content=\"Escrito por\" \/>\n\t<meta name=\"twitter:data1\" content=\"jonathan Fontan\" \/>\n\t<meta name=\"twitter:label2\" content=\"Tiempo de lectura\" \/>\n\t<meta name=\"twitter:data2\" content=\"1 minuto\" \/>\n<script type=\"application\/ld+json\" class=\"yoast-schema-graph\">{\"@context\":\"https:\\\/\\\/schema.org\",\"@graph\":[{\"@type\":\"Article\",\"@id\":\"https:\\\/\\\/elevatecompetences.com\\\/es\\\/proximo-evento-conferencia-sobre-diversidad-e-innovacion-2025\\\/#article\",\"isPartOf\":{\"@id\":\"https:\\\/\\\/elevatecompetences.com\\\/es\\\/proximo-evento-conferencia-sobre-diversidad-e-innovacion-2025\\\/\"},\"author\":{\"name\":\"jonathan Fontan\",\"@id\":\"https:\\\/\\\/elevatecompetences.com\\\/es\\\/#\\\/schema\\\/person\\\/8beecdcb2f304fa77a33b9f720460f70\"},\"headline\":\"Pr\u00f3ximo evento: Conferencia sobre Diversidad e Innovaci\u00f3n 2025\",\"datePublished\":\"2025-05-23T05:25:07+00:00\",\"dateModified\":\"2025-05-23T05:26:48+00:00\",\"mainEntityOfPage\":{\"@id\":\"https:\\\/\\\/elevatecompetences.com\\\/es\\\/proximo-evento-conferencia-sobre-diversidad-e-innovacion-2025\\\/\"},\"wordCount\":236,\"publisher\":{\"@id\":\"https:\\\/\\\/elevatecompetences.com\\\/es\\\/#organization\"},\"articleSection\":[\"Uncategorized\"],\"inLanguage\":\"es\"},{\"@type\":\"WebPage\",\"@id\":\"https:\\\/\\\/elevatecompetences.com\\\/es\\\/proximo-evento-conferencia-sobre-diversidad-e-innovacion-2025\\\/\",\"url\":\"https:\\\/\\\/elevatecompetences.com\\\/es\\\/proximo-evento-conferencia-sobre-diversidad-e-innovacion-2025\\\/\",\"name\":\"Pr\u00f3ximo evento: Conferencia sobre Diversidad e Innovaci\u00f3n 2025 - ELEVATE\",\"isPartOf\":{\"@id\":\"https:\\\/\\\/elevatecompetences.com\\\/es\\\/#website\"},\"datePublished\":\"2025-05-23T05:25:07+00:00\",\"dateModified\":\"2025-05-23T05:26:48+00:00\",\"breadcrumb\":{\"@id\":\"https:\\\/\\\/elevatecompetences.com\\\/es\\\/proximo-evento-conferencia-sobre-diversidad-e-innovacion-2025\\\/#breadcrumb\"},\"inLanguage\":\"es\",\"potentialAction\":[{\"@type\":\"ReadAction\",\"target\":[\"https:\\\/\\\/elevatecompetences.com\\\/es\\\/proximo-evento-conferencia-sobre-diversidad-e-innovacion-2025\\\/\"]}]},{\"@type\":\"BreadcrumbList\",\"@id\":\"https:\\\/\\\/elevatecompetences.com\\\/es\\\/proximo-evento-conferencia-sobre-diversidad-e-innovacion-2025\\\/#breadcrumb\",\"itemListElement\":[{\"@type\":\"ListItem\",\"position\":1,\"name\":\"Home\",\"item\":\"https:\\\/\\\/elevatecompetences.com\\\/es\\\/home-spanish\\\/\"},{\"@type\":\"ListItem\",\"position\":2,\"name\":\"Pr\u00f3ximo evento: Conferencia sobre Diversidad e Innovaci\u00f3n 2025\"}]},{\"@type\":\"WebSite\",\"@id\":\"https:\\\/\\\/elevatecompetences.com\\\/es\\\/#website\",\"url\":\"https:\\\/\\\/elevatecompetences.com\\\/es\\\/\",\"name\":\"ELEVATE\",\"description\":\"Funded by the Erasmus+ Programme, ELEVATE brings together an international consortium of academic institutions, training providers, and social innovation organizations across different european countries. The project aims to redefine how intercultural competence is developed, evaluated, and sustained in vocational education and training (VET) and in broader organizational learning ecosystems.\",\"publisher\":{\"@id\":\"https:\\\/\\\/elevatecompetences.com\\\/es\\\/#organization\"},\"potentialAction\":[{\"@type\":\"SearchAction\",\"target\":{\"@type\":\"EntryPoint\",\"urlTemplate\":\"https:\\\/\\\/elevatecompetences.com\\\/es\\\/?s={search_term_string}\"},\"query-input\":{\"@type\":\"PropertyValueSpecification\",\"valueRequired\":true,\"valueName\":\"search_term_string\"}}],\"inLanguage\":\"es\"},{\"@type\":\"Organization\",\"@id\":\"https:\\\/\\\/elevatecompetences.com\\\/es\\\/#organization\",\"name\":\"ELEVATE\",\"url\":\"https:\\\/\\\/elevatecompetences.com\\\/es\\\/\",\"logo\":{\"@type\":\"ImageObject\",\"inLanguage\":\"es\",\"@id\":\"https:\\\/\\\/elevatecompetences.com\\\/es\\\/#\\\/schema\\\/logo\\\/image\\\/\",\"url\":\"https:\\\/\\\/elevatecompetences.com\\\/wp-content\\\/uploads\\\/2025\\\/02\\\/elevate-4-1.png\",\"contentUrl\":\"https:\\\/\\\/elevatecompetences.com\\\/wp-content\\\/uploads\\\/2025\\\/02\\\/elevate-4-1.png\",\"width\":208,\"height\":245,\"caption\":\"ELEVATE\"},\"image\":{\"@id\":\"https:\\\/\\\/elevatecompetences.com\\\/es\\\/#\\\/schema\\\/logo\\\/image\\\/\"}},{\"@type\":\"Person\",\"@id\":\"https:\\\/\\\/elevatecompetences.com\\\/es\\\/#\\\/schema\\\/person\\\/8beecdcb2f304fa77a33b9f720460f70\",\"name\":\"jonathan Fontan\",\"image\":{\"@type\":\"ImageObject\",\"inLanguage\":\"es\",\"@id\":\"https:\\\/\\\/secure.gravatar.com\\\/avatar\\\/b82b9ebd8fdbb8a8300b031b0962e1e8c13e88937f3028bcddd71a05d023614b?s=96&d=mm&r=g\",\"url\":\"https:\\\/\\\/secure.gravatar.com\\\/avatar\\\/b82b9ebd8fdbb8a8300b031b0962e1e8c13e88937f3028bcddd71a05d023614b?s=96&d=mm&r=g\",\"contentUrl\":\"https:\\\/\\\/secure.gravatar.com\\\/avatar\\\/b82b9ebd8fdbb8a8300b031b0962e1e8c13e88937f3028bcddd71a05d023614b?s=96&d=mm&r=g\",\"caption\":\"jonathan Fontan\"},\"url\":\"https:\\\/\\\/elevatecompetences.com\\\/es\\\/author\\\/jfontan\\\/\"}]}<\/script>\n<!-- \/ Yoast SEO plugin. -->","yoast_head_json":{"title":"Pr\u00f3ximo evento: Conferencia sobre Diversidad e Innovaci\u00f3n 2025 - ELEVATE","robots":{"index":"index","follow":"follow","max-snippet":"max-snippet:-1","max-image-preview":"max-image-preview:large","max-video-preview":"max-video-preview:-1"},"canonical":"https:\/\/elevatecompetences.com\/es\/proximo-evento-conferencia-sobre-diversidad-e-innovacion-2025\/","og_locale":"es_ES","og_type":"article","og_title":"Pr\u00f3ximo evento: Conferencia sobre Diversidad e Innovaci\u00f3n 2025 - ELEVATE","og_description":"Nos complace anunciar que la Conferencia sobre Diversidad e Innovaci\u00f3n 2025 est\u00e1 a la vuelta de la esquina. El evento de este a\u00f1o promete ser una reuni\u00f3n excepcional de profesionales, educadores y agentes de cambio dedicados a promover la diversidad, la equidad, la inclusi\u00f3n y la innovaci\u00f3n en el aprendizaje y el desarrollo. Fechas: 30 [&hellip;]","og_url":"https:\/\/elevatecompetences.com\/es\/proximo-evento-conferencia-sobre-diversidad-e-innovacion-2025\/","og_site_name":"ELEVATE","article_published_time":"2025-05-23T05:25:07+00:00","article_modified_time":"2025-05-23T05:26:48+00:00","author":"jonathan Fontan","twitter_card":"summary_large_image","twitter_misc":{"Escrito por":"jonathan Fontan","Tiempo de lectura":"1 minuto"},"schema":{"@context":"https:\/\/schema.org","@graph":[{"@type":"Article","@id":"https:\/\/elevatecompetences.com\/es\/proximo-evento-conferencia-sobre-diversidad-e-innovacion-2025\/#article","isPartOf":{"@id":"https:\/\/elevatecompetences.com\/es\/proximo-evento-conferencia-sobre-diversidad-e-innovacion-2025\/"},"author":{"name":"jonathan Fontan","@id":"https:\/\/elevatecompetences.com\/es\/#\/schema\/person\/8beecdcb2f304fa77a33b9f720460f70"},"headline":"Pr\u00f3ximo evento: Conferencia sobre Diversidad e Innovaci\u00f3n 2025","datePublished":"2025-05-23T05:25:07+00:00","dateModified":"2025-05-23T05:26:48+00:00","mainEntityOfPage":{"@id":"https:\/\/elevatecompetences.com\/es\/proximo-evento-conferencia-sobre-diversidad-e-innovacion-2025\/"},"wordCount":236,"publisher":{"@id":"https:\/\/elevatecompetences.com\/es\/#organization"},"articleSection":["Uncategorized"],"inLanguage":"es"},{"@type":"WebPage","@id":"https:\/\/elevatecompetences.com\/es\/proximo-evento-conferencia-sobre-diversidad-e-innovacion-2025\/","url":"https:\/\/elevatecompetences.com\/es\/proximo-evento-conferencia-sobre-diversidad-e-innovacion-2025\/","name":"Pr\u00f3ximo evento: Conferencia sobre Diversidad e Innovaci\u00f3n 2025 - ELEVATE","isPartOf":{"@id":"https:\/\/elevatecompetences.com\/es\/#website"},"datePublished":"2025-05-23T05:25:07+00:00","dateModified":"2025-05-23T05:26:48+00:00","breadcrumb":{"@id":"https:\/\/elevatecompetences.com\/es\/proximo-evento-conferencia-sobre-diversidad-e-innovacion-2025\/#breadcrumb"},"inLanguage":"es","potentialAction":[{"@type":"ReadAction","target":["https:\/\/elevatecompetences.com\/es\/proximo-evento-conferencia-sobre-diversidad-e-innovacion-2025\/"]}]},{"@type":"BreadcrumbList","@id":"https:\/\/elevatecompetences.com\/es\/proximo-evento-conferencia-sobre-diversidad-e-innovacion-2025\/#breadcrumb","itemListElement":[{"@type":"ListItem","position":1,"name":"Home","item":"https:\/\/elevatecompetences.com\/es\/home-spanish\/"},{"@type":"ListItem","position":2,"name":"Pr\u00f3ximo evento: Conferencia sobre Diversidad e Innovaci\u00f3n 2025"}]},{"@type":"WebSite","@id":"https:\/\/elevatecompetences.com\/es\/#website","url":"https:\/\/elevatecompetences.com\/es\/","name":"ELEVAR","description":"Funded by the Erasmus+ Programme, ELEVATE brings together an international consortium of academic institutions, training providers, and social innovation organizations across different european countries. The project aims to redefine how intercultural competence is developed, evaluated, and sustained in vocational education and training (VET) and in broader organizational learning ecosystems.","publisher":{"@id":"https:\/\/elevatecompetences.com\/es\/#organization"},"potentialAction":[{"@type":"SearchAction","target":{"@type":"EntryPoint","urlTemplate":"https:\/\/elevatecompetences.com\/es\/?s={search_term_string}"},"query-input":{"@type":"PropertyValueSpecification","valueRequired":true,"valueName":"search_term_string"}}],"inLanguage":"es"},{"@type":"Organization","@id":"https:\/\/elevatecompetences.com\/es\/#organization","name":"ELEVAR","url":"https:\/\/elevatecompetences.com\/es\/","logo":{"@type":"ImageObject","inLanguage":"es","@id":"https:\/\/elevatecompetences.com\/es\/#\/schema\/logo\/image\/","url":"https:\/\/elevatecompetences.com\/wp-content\/uploads\/2025\/02\/elevate-4-1.png","contentUrl":"https:\/\/elevatecompetences.com\/wp-content\/uploads\/2025\/02\/elevate-4-1.png","width":208,"height":245,"caption":"ELEVATE"},"image":{"@id":"https:\/\/elevatecompetences.com\/es\/#\/schema\/logo\/image\/"}},{"@type":"Person","@id":"https:\/\/elevatecompetences.com\/es\/#\/schema\/person\/8beecdcb2f304fa77a33b9f720460f70","name":"jonathan Fontan","image":{"@type":"ImageObject","inLanguage":"es","@id":"https:\/\/secure.gravatar.com\/avatar\/b82b9ebd8fdbb8a8300b031b0962e1e8c13e88937f3028bcddd71a05d023614b?s=96&d=mm&r=g","url":"https:\/\/secure.gravatar.com\/avatar\/b82b9ebd8fdbb8a8300b031b0962e1e8c13e88937f3028bcddd71a05d023614b?s=96&d=mm&r=g","contentUrl":"https:\/\/secure.gravatar.com\/avatar\/b82b9ebd8fdbb8a8300b031b0962e1e8c13e88937f3028bcddd71a05d023614b?s=96&d=mm&r=g","caption":"jonathan Fontan"},"url":"https:\/\/elevatecompetences.com\/es\/author\/jfontan\/"}]}},"_links":{"self":[{"href":"https:\/\/elevatecompetences.com\/es\/wp-json\/wp\/v2\/posts\/9476","targetHints":{"allow":["GET"]}}],"collection":[{"href":"https:\/\/elevatecompetences.com\/es\/wp-json\/wp\/v2\/posts"}],"about":[{"href":"https:\/\/elevatecompetences.com\/es\/wp-json\/wp\/v2\/types\/post"}],"author":[{"embeddable":true,"href":"https:\/\/elevatecompetences.com\/es\/wp-json\/wp\/v2\/users\/3"}],"replies":[{"embeddable":true,"href":"https:\/\/elevatecompetences.com\/es\/wp-json\/wp\/v2\/comments?post=9476"}],"version-history":[{"count":1,"href":"https:\/\/elevatecompetences.com\/es\/wp-json\/wp\/v2\/posts\/9476\/revisions"}],"predecessor-version":[{"id":9477,"href":"https:\/\/elevatecompetences.com\/es\/wp-json\/wp\/v2\/posts\/9476\/revisions\/9477"}],"wp:attachment":[{"href":"https:\/\/elevatecompetences.com\/es\/wp-json\/wp\/v2\/media?parent=9476"}],"wp:term":[{"taxonomy":"category","embeddable":true,"href":"https:\/\/elevatecompetences.com\/es\/wp-json\/wp\/v2\/categories?post=9476"},{"taxonomy":"post_tag","embeddable":true,"href":"https:\/\/elevatecompetences.com\/es\/wp-json\/wp\/v2\/tags?post=9476"}],"curies":[{"name":"wp","href":"https:\/\/api.w.org\/{rel}","templated":true}]}}