{"id":10396,"date":"2026-03-04T16:44:31","date_gmt":"2026-03-04T16:44:31","guid":{"rendered":"https:\/\/elevatecompetences.com\/?p=10396"},"modified":"2026-03-04T16:44:36","modified_gmt":"2026-03-04T16:44:36","slug":"aprender-como-relacion-webinar-para-empoderar-a-personas-y-equipos","status":"publish","type":"post","link":"https:\/\/elevatecompetences.com\/es\/aprender-como-relacion-webinar-para-empoderar-a-personas-y-equipos\/","title":{"rendered":"Aprender como relaci\u00f3n: webinar para empoderar a personas y equipos"},"content":{"rendered":"<p class=\"has-text-align-center\"><strong>\u00bfY si aprender no consistiera solo en transmitir contenidos, sino en construir conexiones significativas?<\/strong><\/p>\n\n\n\n<p>El <strong>11 de marzo de 2026, de 18:30 a 19:30 CET<\/strong>, acompa\u00f1a a <strong>la<a href=\"https:\/\/www.linkedin.com\/in\/prof-dr-andrea-cnyrim-83153222\/\"> Prof. Dra. Andrea Cnyrim<\/a> y <a href=\"https:\/\/www.linkedin.com\/in\/evelienverschroeven\/\">Evelien Verschroeven<\/a><\/strong> en una conversaci\u00f3n abierta e interactiva que explorar\u00e1 c\u00f3mo los enfoques relacionales pueden transformar el aprendizaje colaborativo y la pr\u00e1ctica organizacional.<\/p>\n\n\n\n<p>Bas\u00e1ndose en el trabajo de Evelien con <strong>BOBIP<\/strong>, una tecnolog\u00eda que impulsa comunidades de aprendizaje, este webinar conecta teor\u00eda y pr\u00e1ctica. Durante la sesi\u00f3n se compartir\u00e1n ideas de referentes del pensamiento relacional, entre ellos <strong>J\u00fcrgen Bolten<\/strong>, y se traducir\u00e1n en estrategias aplicables a los entornos de aprendizaje cotidianos.<\/p>\n\n\n\n<p>Tambi\u00e9n descubrir\u00e1s c\u00f3mo estas ideas se est\u00e1n implementando en el <strong>proyecto ELEVATE<\/strong>, ofreciendo ejemplos concretos para que profesionales y organizaciones integren pr\u00e1cticas relacionales en sus propios contextos.<\/p>\n\n\n\n<p>La sesi\u00f3n ser\u00e1 din\u00e1mica e incluir\u00e1 <strong>discusi\u00f3n basada en evidencia<\/strong>,<em> <strong>breakout sessions <\/strong><\/em><strong>interactivas<\/strong> y <strong>conclusiones pr\u00e1cticas<\/strong> que podr\u00e1s aplicar inmediatamente.<\/p>\n\n\n\n<p>Si crees que<strong> el aprendizaje surge<\/strong> <strong>entre las personas, y no de unas diapositivas<\/strong>, esta conversaci\u00f3n es para ti.<\/p>\n\n\n\n<p><strong>Inscr\u00edbete ahora:<\/strong> <a href=\"https:\/\/cutt.ly\/XtWhZQER\"><strong>QUIERO ASISTIR<\/strong><\/a><\/p>\n\n\n\n<figure class=\"wp-block-image size-large\"><img fetchpriority=\"high\" decoding=\"async\" width=\"1024\" height=\"683\" src=\"http:\/\/elevatecompetences.com\/wp-content\/uploads\/2026\/03\/ChatGPT-Image-4-mar-2026-17_36_04-1024x683.png\" alt=\"poster webinar learning as a relation\" class=\"wp-image-10397\" srcset=\"https:\/\/elevatecompetences.com\/wp-content\/uploads\/2026\/03\/ChatGPT-Image-4-mar-2026-17_36_04-1024x683.png 1024w, https:\/\/elevatecompetences.com\/wp-content\/uploads\/2026\/03\/ChatGPT-Image-4-mar-2026-17_36_04-300x200.png 300w, https:\/\/elevatecompetences.com\/wp-content\/uploads\/2026\/03\/ChatGPT-Image-4-mar-2026-17_36_04-768x512.png 768w, https:\/\/elevatecompetences.com\/wp-content\/uploads\/2026\/03\/ChatGPT-Image-4-mar-2026-17_36_04.png 1536w\" sizes=\"(max-width: 1024px) 100vw, 1024px\" \/><\/figure>","protected":false},"excerpt":{"rendered":"<p>\u00bfY si aprender no consistiera solo en transmitir contenidos, sino en construir conexiones significativas? El 11 de marzo de 2026, de 18:30 a 19:30 CET, acompa\u00f1a a la Prof. Dra. Andrea Cnyrim y Evelien Verschroeven en una conversaci\u00f3n abierta e interactiva que explorar\u00e1 c\u00f3mo los enfoques relacionales pueden transformar el aprendizaje colaborativo y la pr\u00e1ctica [&hellip;]<\/p>\n","protected":false},"author":5,"featured_media":10397,"comment_status":"closed","ping_status":"open","sticky":false,"template":"","format":"standard","meta":{"footnotes":""},"categories":[38],"tags":[],"class_list":["post-10396","post","type-post","status-publish","format-standard","has-post-thumbnail","hentry","category-uncategorized-es"],"blocksy_meta":[],"yoast_head":"<!-- This site is optimized with the Yoast SEO plugin v27.4 - https:\/\/yoast.com\/product\/yoast-seo-wordpress\/ -->\n<title>Aprender como relaci\u00f3n: webinar para empoderar a personas y equipos - ELEVATE<\/title>\n<meta name=\"robots\" content=\"index, follow, max-snippet:-1, max-image-preview:large, max-video-preview:-1\" \/>\n<link rel=\"canonical\" href=\"https:\/\/elevatecompetences.com\/es\/aprender-como-relacion-webinar-para-empoderar-a-personas-y-equipos\/\" \/>\n<meta property=\"og:locale\" content=\"es_ES\" \/>\n<meta property=\"og:type\" content=\"article\" \/>\n<meta property=\"og:title\" content=\"Aprender como relaci\u00f3n: webinar para empoderar a personas y equipos - ELEVATE\" \/>\n<meta property=\"og:description\" content=\"\u00bfY si aprender no consistiera solo en transmitir contenidos, sino en construir conexiones significativas? El 11 de marzo de 2026, de 18:30 a 19:30 CET, acompa\u00f1a a la Prof. Dra. Andrea Cnyrim y Evelien Verschroeven en una conversaci\u00f3n abierta e interactiva que explorar\u00e1 c\u00f3mo los enfoques relacionales pueden transformar el aprendizaje colaborativo y la pr\u00e1ctica [&hellip;]\" \/>\n<meta property=\"og:url\" content=\"https:\/\/elevatecompetences.com\/es\/aprender-como-relacion-webinar-para-empoderar-a-personas-y-equipos\/\" \/>\n<meta property=\"og:site_name\" content=\"ELEVATE\" \/>\n<meta property=\"article:published_time\" content=\"2026-03-04T16:44:31+00:00\" \/>\n<meta property=\"article:modified_time\" content=\"2026-03-04T16:44:36+00:00\" \/>\n<meta property=\"og:image\" content=\"http:\/\/elevatecompetences.com\/wp-content\/uploads\/2026\/03\/ChatGPT-Image-4-mar-2026-17_36_04.png\" \/>\n\t<meta property=\"og:image:width\" content=\"1536\" \/>\n\t<meta property=\"og:image:height\" content=\"1024\" \/>\n\t<meta property=\"og:image:type\" content=\"image\/png\" \/>\n<meta name=\"author\" content=\"Leire Magaz\" \/>\n<meta name=\"twitter:card\" content=\"summary_large_image\" \/>\n<meta name=\"twitter:label1\" content=\"Escrito por\" \/>\n\t<meta name=\"twitter:data1\" content=\"Leire Magaz\" \/>\n\t<meta name=\"twitter:label2\" content=\"Tiempo de lectura\" \/>\n\t<meta name=\"twitter:data2\" content=\"2 minutos\" \/>\n<script type=\"application\/ld+json\" class=\"yoast-schema-graph\">{\"@context\":\"https:\\\/\\\/schema.org\",\"@graph\":[{\"@type\":\"Article\",\"@id\":\"https:\\\/\\\/elevatecompetences.com\\\/es\\\/aprender-como-relacion-webinar-para-empoderar-a-personas-y-equipos\\\/#article\",\"isPartOf\":{\"@id\":\"https:\\\/\\\/elevatecompetences.com\\\/es\\\/aprender-como-relacion-webinar-para-empoderar-a-personas-y-equipos\\\/\"},\"author\":{\"name\":\"Leire Magaz\",\"@id\":\"https:\\\/\\\/elevatecompetences.com\\\/es\\\/#\\\/schema\\\/person\\\/daa066052b3d00df9e679ee7a9466dfe\"},\"headline\":\"Aprender como relaci\u00f3n: webinar para empoderar a personas y equipos\",\"datePublished\":\"2026-03-04T16:44:31+00:00\",\"dateModified\":\"2026-03-04T16:44:36+00:00\",\"mainEntityOfPage\":{\"@id\":\"https:\\\/\\\/elevatecompetences.com\\\/es\\\/aprender-como-relacion-webinar-para-empoderar-a-personas-y-equipos\\\/\"},\"wordCount\":205,\"publisher\":{\"@id\":\"https:\\\/\\\/elevatecompetences.com\\\/es\\\/#organization\"},\"image\":{\"@id\":\"https:\\\/\\\/elevatecompetences.com\\\/es\\\/aprender-como-relacion-webinar-para-empoderar-a-personas-y-equipos\\\/#primaryimage\"},\"thumbnailUrl\":\"https:\\\/\\\/elevatecompetences.com\\\/wp-content\\\/uploads\\\/2026\\\/03\\\/ChatGPT-Image-4-mar-2026-17_36_04.png\",\"articleSection\":[\"Uncategorized\"],\"inLanguage\":\"es\"},{\"@type\":\"WebPage\",\"@id\":\"https:\\\/\\\/elevatecompetences.com\\\/es\\\/aprender-como-relacion-webinar-para-empoderar-a-personas-y-equipos\\\/\",\"url\":\"https:\\\/\\\/elevatecompetences.com\\\/es\\\/aprender-como-relacion-webinar-para-empoderar-a-personas-y-equipos\\\/\",\"name\":\"Aprender como relaci\u00f3n: webinar para empoderar a personas y equipos - ELEVATE\",\"isPartOf\":{\"@id\":\"https:\\\/\\\/elevatecompetences.com\\\/es\\\/#website\"},\"primaryImageOfPage\":{\"@id\":\"https:\\\/\\\/elevatecompetences.com\\\/es\\\/aprender-como-relacion-webinar-para-empoderar-a-personas-y-equipos\\\/#primaryimage\"},\"image\":{\"@id\":\"https:\\\/\\\/elevatecompetences.com\\\/es\\\/aprender-como-relacion-webinar-para-empoderar-a-personas-y-equipos\\\/#primaryimage\"},\"thumbnailUrl\":\"https:\\\/\\\/elevatecompetences.com\\\/wp-content\\\/uploads\\\/2026\\\/03\\\/ChatGPT-Image-4-mar-2026-17_36_04.png\",\"datePublished\":\"2026-03-04T16:44:31+00:00\",\"dateModified\":\"2026-03-04T16:44:36+00:00\",\"breadcrumb\":{\"@id\":\"https:\\\/\\\/elevatecompetences.com\\\/es\\\/aprender-como-relacion-webinar-para-empoderar-a-personas-y-equipos\\\/#breadcrumb\"},\"inLanguage\":\"es\",\"potentialAction\":[{\"@type\":\"ReadAction\",\"target\":[\"https:\\\/\\\/elevatecompetences.com\\\/es\\\/aprender-como-relacion-webinar-para-empoderar-a-personas-y-equipos\\\/\"]}]},{\"@type\":\"ImageObject\",\"inLanguage\":\"es\",\"@id\":\"https:\\\/\\\/elevatecompetences.com\\\/es\\\/aprender-como-relacion-webinar-para-empoderar-a-personas-y-equipos\\\/#primaryimage\",\"url\":\"https:\\\/\\\/elevatecompetences.com\\\/wp-content\\\/uploads\\\/2026\\\/03\\\/ChatGPT-Image-4-mar-2026-17_36_04.png\",\"contentUrl\":\"https:\\\/\\\/elevatecompetences.com\\\/wp-content\\\/uploads\\\/2026\\\/03\\\/ChatGPT-Image-4-mar-2026-17_36_04.png\",\"width\":1536,\"height\":1024,\"caption\":\"poster webinar learning as a relation\"},{\"@type\":\"BreadcrumbList\",\"@id\":\"https:\\\/\\\/elevatecompetences.com\\\/es\\\/aprender-como-relacion-webinar-para-empoderar-a-personas-y-equipos\\\/#breadcrumb\",\"itemListElement\":[{\"@type\":\"ListItem\",\"position\":1,\"name\":\"Home\",\"item\":\"https:\\\/\\\/elevatecompetences.com\\\/es\\\/home-spanish\\\/\"},{\"@type\":\"ListItem\",\"position\":2,\"name\":\"Aprender como relaci\u00f3n: webinar para empoderar a personas y equipos\"}]},{\"@type\":\"WebSite\",\"@id\":\"https:\\\/\\\/elevatecompetences.com\\\/es\\\/#website\",\"url\":\"https:\\\/\\\/elevatecompetences.com\\\/es\\\/\",\"name\":\"ELEVATE\",\"description\":\"Funded by the Erasmus+ Programme, ELEVATE brings together an international consortium of academic institutions, training providers, and social innovation organizations across different european countries. The project aims to redefine how intercultural competence is developed, evaluated, and sustained in vocational education and training (VET) and in broader organizational learning ecosystems.\",\"publisher\":{\"@id\":\"https:\\\/\\\/elevatecompetences.com\\\/es\\\/#organization\"},\"potentialAction\":[{\"@type\":\"SearchAction\",\"target\":{\"@type\":\"EntryPoint\",\"urlTemplate\":\"https:\\\/\\\/elevatecompetences.com\\\/es\\\/?s={search_term_string}\"},\"query-input\":{\"@type\":\"PropertyValueSpecification\",\"valueRequired\":true,\"valueName\":\"search_term_string\"}}],\"inLanguage\":\"es\"},{\"@type\":\"Organization\",\"@id\":\"https:\\\/\\\/elevatecompetences.com\\\/es\\\/#organization\",\"name\":\"ELEVATE\",\"url\":\"https:\\\/\\\/elevatecompetences.com\\\/es\\\/\",\"logo\":{\"@type\":\"ImageObject\",\"inLanguage\":\"es\",\"@id\":\"https:\\\/\\\/elevatecompetences.com\\\/es\\\/#\\\/schema\\\/logo\\\/image\\\/\",\"url\":\"https:\\\/\\\/elevatecompetences.com\\\/wp-content\\\/uploads\\\/2025\\\/02\\\/elevate-4-1.png\",\"contentUrl\":\"https:\\\/\\\/elevatecompetences.com\\\/wp-content\\\/uploads\\\/2025\\\/02\\\/elevate-4-1.png\",\"width\":208,\"height\":245,\"caption\":\"ELEVATE\"},\"image\":{\"@id\":\"https:\\\/\\\/elevatecompetences.com\\\/es\\\/#\\\/schema\\\/logo\\\/image\\\/\"}},{\"@type\":\"Person\",\"@id\":\"https:\\\/\\\/elevatecompetences.com\\\/es\\\/#\\\/schema\\\/person\\\/daa066052b3d00df9e679ee7a9466dfe\",\"name\":\"Leire Magaz\",\"image\":{\"@type\":\"ImageObject\",\"inLanguage\":\"es\",\"@id\":\"https:\\\/\\\/secure.gravatar.com\\\/avatar\\\/c0fb9c3591bf76e2fc8cbd17fb8c64956319d338993bd71c208bebe99a29f34a?s=96&d=mm&r=g\",\"url\":\"https:\\\/\\\/secure.gravatar.com\\\/avatar\\\/c0fb9c3591bf76e2fc8cbd17fb8c64956319d338993bd71c208bebe99a29f34a?s=96&d=mm&r=g\",\"contentUrl\":\"https:\\\/\\\/secure.gravatar.com\\\/avatar\\\/c0fb9c3591bf76e2fc8cbd17fb8c64956319d338993bd71c208bebe99a29f34a?s=96&d=mm&r=g\",\"caption\":\"Leire Magaz\"},\"url\":\"https:\\\/\\\/elevatecompetences.com\\\/es\\\/author\\\/lmagaz\\\/\"}]}<\/script>\n<!-- \/ Yoast SEO plugin. -->","yoast_head_json":{"title":"Aprender como relaci\u00f3n: webinar para empoderar a personas y equipos - ELEVATE","robots":{"index":"index","follow":"follow","max-snippet":"max-snippet:-1","max-image-preview":"max-image-preview:large","max-video-preview":"max-video-preview:-1"},"canonical":"https:\/\/elevatecompetences.com\/es\/aprender-como-relacion-webinar-para-empoderar-a-personas-y-equipos\/","og_locale":"es_ES","og_type":"article","og_title":"Aprender como relaci\u00f3n: webinar para empoderar a personas y equipos - ELEVATE","og_description":"\u00bfY si aprender no consistiera solo en transmitir contenidos, sino en construir conexiones significativas? El 11 de marzo de 2026, de 18:30 a 19:30 CET, acompa\u00f1a a la Prof. Dra. Andrea Cnyrim y Evelien Verschroeven en una conversaci\u00f3n abierta e interactiva que explorar\u00e1 c\u00f3mo los enfoques relacionales pueden transformar el aprendizaje colaborativo y la pr\u00e1ctica [&hellip;]","og_url":"https:\/\/elevatecompetences.com\/es\/aprender-como-relacion-webinar-para-empoderar-a-personas-y-equipos\/","og_site_name":"ELEVATE","article_published_time":"2026-03-04T16:44:31+00:00","article_modified_time":"2026-03-04T16:44:36+00:00","og_image":[{"width":1536,"height":1024,"url":"http:\/\/elevatecompetences.com\/wp-content\/uploads\/2026\/03\/ChatGPT-Image-4-mar-2026-17_36_04.png","type":"image\/png"}],"author":"Leire Magaz","twitter_card":"summary_large_image","twitter_misc":{"Escrito por":"Leire Magaz","Tiempo de lectura":"2 minutos"},"schema":{"@context":"https:\/\/schema.org","@graph":[{"@type":"Article","@id":"https:\/\/elevatecompetences.com\/es\/aprender-como-relacion-webinar-para-empoderar-a-personas-y-equipos\/#article","isPartOf":{"@id":"https:\/\/elevatecompetences.com\/es\/aprender-como-relacion-webinar-para-empoderar-a-personas-y-equipos\/"},"author":{"name":"Leire Magaz","@id":"https:\/\/elevatecompetences.com\/es\/#\/schema\/person\/daa066052b3d00df9e679ee7a9466dfe"},"headline":"Aprender como relaci\u00f3n: webinar para empoderar a personas y equipos","datePublished":"2026-03-04T16:44:31+00:00","dateModified":"2026-03-04T16:44:36+00:00","mainEntityOfPage":{"@id":"https:\/\/elevatecompetences.com\/es\/aprender-como-relacion-webinar-para-empoderar-a-personas-y-equipos\/"},"wordCount":205,"publisher":{"@id":"https:\/\/elevatecompetences.com\/es\/#organization"},"image":{"@id":"https:\/\/elevatecompetences.com\/es\/aprender-como-relacion-webinar-para-empoderar-a-personas-y-equipos\/#primaryimage"},"thumbnailUrl":"https:\/\/elevatecompetences.com\/wp-content\/uploads\/2026\/03\/ChatGPT-Image-4-mar-2026-17_36_04.png","articleSection":["Uncategorized"],"inLanguage":"es"},{"@type":"WebPage","@id":"https:\/\/elevatecompetences.com\/es\/aprender-como-relacion-webinar-para-empoderar-a-personas-y-equipos\/","url":"https:\/\/elevatecompetences.com\/es\/aprender-como-relacion-webinar-para-empoderar-a-personas-y-equipos\/","name":"Aprender como relaci\u00f3n: webinar para empoderar a personas y equipos - ELEVATE","isPartOf":{"@id":"https:\/\/elevatecompetences.com\/es\/#website"},"primaryImageOfPage":{"@id":"https:\/\/elevatecompetences.com\/es\/aprender-como-relacion-webinar-para-empoderar-a-personas-y-equipos\/#primaryimage"},"image":{"@id":"https:\/\/elevatecompetences.com\/es\/aprender-como-relacion-webinar-para-empoderar-a-personas-y-equipos\/#primaryimage"},"thumbnailUrl":"https:\/\/elevatecompetences.com\/wp-content\/uploads\/2026\/03\/ChatGPT-Image-4-mar-2026-17_36_04.png","datePublished":"2026-03-04T16:44:31+00:00","dateModified":"2026-03-04T16:44:36+00:00","breadcrumb":{"@id":"https:\/\/elevatecompetences.com\/es\/aprender-como-relacion-webinar-para-empoderar-a-personas-y-equipos\/#breadcrumb"},"inLanguage":"es","potentialAction":[{"@type":"ReadAction","target":["https:\/\/elevatecompetences.com\/es\/aprender-como-relacion-webinar-para-empoderar-a-personas-y-equipos\/"]}]},{"@type":"ImageObject","inLanguage":"es","@id":"https:\/\/elevatecompetences.com\/es\/aprender-como-relacion-webinar-para-empoderar-a-personas-y-equipos\/#primaryimage","url":"https:\/\/elevatecompetences.com\/wp-content\/uploads\/2026\/03\/ChatGPT-Image-4-mar-2026-17_36_04.png","contentUrl":"https:\/\/elevatecompetences.com\/wp-content\/uploads\/2026\/03\/ChatGPT-Image-4-mar-2026-17_36_04.png","width":1536,"height":1024,"caption":"poster webinar learning as a relation"},{"@type":"BreadcrumbList","@id":"https:\/\/elevatecompetences.com\/es\/aprender-como-relacion-webinar-para-empoderar-a-personas-y-equipos\/#breadcrumb","itemListElement":[{"@type":"ListItem","position":1,"name":"Home","item":"https:\/\/elevatecompetences.com\/es\/home-spanish\/"},{"@type":"ListItem","position":2,"name":"Aprender como relaci\u00f3n: webinar para empoderar a personas y equipos"}]},{"@type":"WebSite","@id":"https:\/\/elevatecompetences.com\/es\/#website","url":"https:\/\/elevatecompetences.com\/es\/","name":"ELEVAR","description":"Funded by the Erasmus+ Programme, ELEVATE brings together an international consortium of academic institutions, training providers, and social innovation organizations across different european countries. The project aims to redefine how intercultural competence is developed, evaluated, and sustained in vocational education and training (VET) and in broader organizational learning ecosystems.","publisher":{"@id":"https:\/\/elevatecompetences.com\/es\/#organization"},"potentialAction":[{"@type":"SearchAction","target":{"@type":"EntryPoint","urlTemplate":"https:\/\/elevatecompetences.com\/es\/?s={search_term_string}"},"query-input":{"@type":"PropertyValueSpecification","valueRequired":true,"valueName":"search_term_string"}}],"inLanguage":"es"},{"@type":"Organization","@id":"https:\/\/elevatecompetences.com\/es\/#organization","name":"ELEVAR","url":"https:\/\/elevatecompetences.com\/es\/","logo":{"@type":"ImageObject","inLanguage":"es","@id":"https:\/\/elevatecompetences.com\/es\/#\/schema\/logo\/image\/","url":"https:\/\/elevatecompetences.com\/wp-content\/uploads\/2025\/02\/elevate-4-1.png","contentUrl":"https:\/\/elevatecompetences.com\/wp-content\/uploads\/2025\/02\/elevate-4-1.png","width":208,"height":245,"caption":"ELEVATE"},"image":{"@id":"https:\/\/elevatecompetences.com\/es\/#\/schema\/logo\/image\/"}},{"@type":"Person","@id":"https:\/\/elevatecompetences.com\/es\/#\/schema\/person\/daa066052b3d00df9e679ee7a9466dfe","name":"Leire Magaz","image":{"@type":"ImageObject","inLanguage":"es","@id":"https:\/\/secure.gravatar.com\/avatar\/c0fb9c3591bf76e2fc8cbd17fb8c64956319d338993bd71c208bebe99a29f34a?s=96&d=mm&r=g","url":"https:\/\/secure.gravatar.com\/avatar\/c0fb9c3591bf76e2fc8cbd17fb8c64956319d338993bd71c208bebe99a29f34a?s=96&d=mm&r=g","contentUrl":"https:\/\/secure.gravatar.com\/avatar\/c0fb9c3591bf76e2fc8cbd17fb8c64956319d338993bd71c208bebe99a29f34a?s=96&d=mm&r=g","caption":"Leire Magaz"},"url":"https:\/\/elevatecompetences.com\/es\/author\/lmagaz\/"}]}},"_links":{"self":[{"href":"https:\/\/elevatecompetences.com\/es\/wp-json\/wp\/v2\/posts\/10396","targetHints":{"allow":["GET"]}}],"collection":[{"href":"https:\/\/elevatecompetences.com\/es\/wp-json\/wp\/v2\/posts"}],"about":[{"href":"https:\/\/elevatecompetences.com\/es\/wp-json\/wp\/v2\/types\/post"}],"author":[{"embeddable":true,"href":"https:\/\/elevatecompetences.com\/es\/wp-json\/wp\/v2\/users\/5"}],"replies":[{"embeddable":true,"href":"https:\/\/elevatecompetences.com\/es\/wp-json\/wp\/v2\/comments?post=10396"}],"version-history":[{"count":1,"href":"https:\/\/elevatecompetences.com\/es\/wp-json\/wp\/v2\/posts\/10396\/revisions"}],"predecessor-version":[{"id":10398,"href":"https:\/\/elevatecompetences.com\/es\/wp-json\/wp\/v2\/posts\/10396\/revisions\/10398"}],"wp:featuredmedia":[{"embeddable":true,"href":"https:\/\/elevatecompetences.com\/es\/wp-json\/wp\/v2\/media\/10397"}],"wp:attachment":[{"href":"https:\/\/elevatecompetences.com\/es\/wp-json\/wp\/v2\/media?parent=10396"}],"wp:term":[{"taxonomy":"category","embeddable":true,"href":"https:\/\/elevatecompetences.com\/es\/wp-json\/wp\/v2\/categories?post=10396"},{"taxonomy":"post_tag","embeddable":true,"href":"https:\/\/elevatecompetences.com\/es\/wp-json\/wp\/v2\/tags?post=10396"}],"curies":[{"name":"wp","href":"https:\/\/api.w.org\/{rel}","templated":true}]}}