{"id":10386,"date":"2026-01-15T19:36:49","date_gmt":"2026-01-15T19:36:49","guid":{"rendered":"https:\/\/elevatecompetences.com\/?p=10386"},"modified":"2026-01-15T19:36:52","modified_gmt":"2026-01-15T19:36:52","slug":"webinar-elevate-como-evaluar-la-competencia-transcultural-de-tu-organizacion","status":"publish","type":"post","link":"http:\/\/elevatecompetences.com\/es\/webinar-elevate-como-evaluar-la-competencia-transcultural-de-tu-organizacion\/","title":{"rendered":"Eval\u00faa la competencia transcultural de tu organizaci\u00f3n. De verdad."},"content":{"rendered":"<p><\/p>\n\n\n\n<p>Muchas organizaciones trabajan DEI, pero siguen sin poder responder a una pregunta clave:<\/p>\n\n\n\n<p><strong>\u00bfD\u00f3nde estamos realmente y qu\u00e9 nos est\u00e1 bloqueando?<\/strong><\/p>\n\n\n\n<p>Intercultures, uno de nuestros partners, est\u00e1 organizando el\u00a0<strong>webinar online &#8220;Competencia transcultural de las organizaciones&#8221; el 22 de enero de 2026 de 15 h a 16h<\/strong>\u00a0(CET) donde van a presentar\u00a0el self-assessment de competencia transcultural desarrollado por el consorcio ELEVATE.<\/p>\n\n\n\n<p>Una herramienta innovadora que eval\u00faa procesos y patrones reales, no solo pol\u00edticas o valores declarados.<\/p>\n\n\n\n<figure class=\"wp-block-image alignwide size-large\"><a href=\"https:\/\/us06web.zoom.us\/meeting\/register\/K_CKonWWSzKJLZpdX8p2IA#\/registration\"><img fetchpriority=\"high\" decoding=\"async\" width=\"1024\" height=\"535\" src=\"https:\/\/elevatecompetences.com\/wp-content\/uploads\/2026\/01\/Competencia-transcultural-de-las-organizaciones_Banner-1024x535.png\" alt=\"Evento elevate: competencia transcultural de las organizaciones, webinar online\" class=\"wp-image-10387\" title=\"banner\" srcset=\"http:\/\/elevatecompetences.com\/wp-content\/uploads\/2026\/01\/Competencia-transcultural-de-las-organizaciones_Banner-1024x535.png 1024w, http:\/\/elevatecompetences.com\/wp-content\/uploads\/2026\/01\/Competencia-transcultural-de-las-organizaciones_Banner-300x157.png 300w, http:\/\/elevatecompetences.com\/wp-content\/uploads\/2026\/01\/Competencia-transcultural-de-las-organizaciones_Banner-768x401.png 768w, http:\/\/elevatecompetences.com\/wp-content\/uploads\/2026\/01\/Competencia-transcultural-de-las-organizaciones_Banner.png 1200w\" sizes=\"(max-width: 1024px) 100vw, 1024px\" \/><\/a><\/figure>\n\n\n\n<p>Los retos que encontramos en las organizaciones:<\/p>\n\n\n\n<p>Qu\u00e9 te llevas:<\/p>\n\n\n\n<ul class=\"wp-block-list\">\n<li>Mucha consciencia, poco movimiento<\/li>\n\n\n\n<li>Inversi\u00f3n en DEI sin un diagn\u00f3stico accionable<\/li>\n\n\n\n<li>Falta de lenguaje com\u00fan para hablar de tensiones reales<\/li>\n\n\n\n<li>Claridad sobre el nivel de madurez transcultural<\/li>\n\n\n\n<li>Un modelo basado en prop\u00f3sito, procesos y pr\u00e1cticas observables<\/li>\n\n\n\n<li>Una herramienta que pone el foco en las relaciones<\/li>\n\n\n\n<li>Un punto de partida para conversaciones profundas que activan cambio<\/li>\n<\/ul>\n\n\n\n<p>Beneficio clave:<\/p>\n\n\n\n<p>Saber d\u00f3nde est\u00e1s (y d\u00f3nde est\u00e1 tu cliente) para decidir el siguiente paso.<\/p>\n\n\n\n<p>Es un evento gratuito y puedes inscribirte gratis<strong> <a href=\"https:\/\/us06web.zoom.us\/meeting\/register\/K_CKonWWSzKJLZpdX8p2IA#\/registration\">AQU\u00cd<\/a><\/strong><\/p>\n\n\n\n<p><\/p>","protected":false},"excerpt":{"rendered":"<p>Muchas organizaciones trabajan DEI, pero siguen sin poder responder a una pregunta clave: \u00bfD\u00f3nde estamos realmente y qu\u00e9 nos est\u00e1 bloqueando? Intercultures, uno de nuestros partners, est\u00e1 organizando el\u00a0webinar online &#8220;Competencia transcultural de las organizaciones&#8221; el 22 de enero de 2026 de 15 h a 16h\u00a0(CET) donde van a presentar\u00a0el self-assessment de competencia transcultural desarrollado [&hellip;]<\/p>\n","protected":false},"author":1,"featured_media":10387,"comment_status":"closed","ping_status":"open","sticky":false,"template":"","format":"standard","meta":{"footnotes":""},"categories":[38],"tags":[],"class_list":["post-10386","post","type-post","status-publish","format-standard","has-post-thumbnail","hentry","category-uncategorized-es"],"blocksy_meta":[],"yoast_head":"<!-- This site is optimized with the Yoast SEO plugin v27.5 - https:\/\/yoast.com\/product\/yoast-seo-wordpress\/ -->\n<title>Eval\u00faa la competencia transcultural de tu organizaci\u00f3n. De verdad. - ELEVATE<\/title>\n<meta name=\"robots\" content=\"index, follow, max-snippet:-1, max-image-preview:large, max-video-preview:-1\" \/>\n<link rel=\"canonical\" href=\"http:\/\/elevatecompetences.com\/es\/webinar-elevate-como-evaluar-la-competencia-transcultural-de-tu-organizacion\/\" \/>\n<meta property=\"og:locale\" content=\"es_ES\" \/>\n<meta property=\"og:type\" content=\"article\" \/>\n<meta property=\"og:title\" content=\"Eval\u00faa la competencia transcultural de tu organizaci\u00f3n. De verdad. - ELEVATE\" \/>\n<meta property=\"og:description\" content=\"Muchas organizaciones trabajan DEI, pero siguen sin poder responder a una pregunta clave: \u00bfD\u00f3nde estamos realmente y qu\u00e9 nos est\u00e1 bloqueando? Intercultures, uno de nuestros partners, est\u00e1 organizando el\u00a0webinar online &#8220;Competencia transcultural de las organizaciones&#8221; el 22 de enero de 2026 de 15 h a 16h\u00a0(CET) donde van a presentar\u00a0el self-assessment de competencia transcultural desarrollado [&hellip;]\" \/>\n<meta property=\"og:url\" content=\"http:\/\/elevatecompetences.com\/es\/webinar-elevate-como-evaluar-la-competencia-transcultural-de-tu-organizacion\/\" \/>\n<meta property=\"og:site_name\" content=\"ELEVATE\" \/>\n<meta property=\"article:published_time\" content=\"2026-01-15T19:36:49+00:00\" \/>\n<meta property=\"article:modified_time\" content=\"2026-01-15T19:36:52+00:00\" \/>\n<meta property=\"og:image\" content=\"http:\/\/elevatecompetences.com\/wp-content\/uploads\/2026\/01\/Competencia-transcultural-de-las-organizaciones_Banner.png\" \/>\n\t<meta property=\"og:image:width\" content=\"1200\" \/>\n\t<meta property=\"og:image:height\" content=\"627\" \/>\n\t<meta property=\"og:image:type\" content=\"image\/png\" \/>\n<meta name=\"author\" content=\"admin\" \/>\n<meta name=\"twitter:card\" content=\"summary_large_image\" \/>\n<meta name=\"twitter:label1\" content=\"Escrito por\" \/>\n\t<meta name=\"twitter:data1\" content=\"admin\" \/>\n\t<meta name=\"twitter:label2\" content=\"Tiempo de lectura\" \/>\n\t<meta name=\"twitter:data2\" content=\"2 minutos\" \/>\n<script type=\"application\/ld+json\" class=\"yoast-schema-graph\">{\"@context\":\"https:\\\/\\\/schema.org\",\"@graph\":[{\"@type\":\"Article\",\"@id\":\"http:\\\/\\\/elevatecompetences.com\\\/es\\\/webinar-elevate-como-evaluar-la-competencia-transcultural-de-tu-organizacion\\\/#article\",\"isPartOf\":{\"@id\":\"http:\\\/\\\/elevatecompetences.com\\\/es\\\/webinar-elevate-como-evaluar-la-competencia-transcultural-de-tu-organizacion\\\/\"},\"author\":{\"name\":\"admin\",\"@id\":\"http:\\\/\\\/elevatecompetences.com\\\/es\\\/#\\\/schema\\\/person\\\/fc2f48f0903d70adabdbfe3d0c657135\"},\"headline\":\"Eval\u00faa la competencia transcultural de tu organizaci\u00f3n. De verdad.\",\"datePublished\":\"2026-01-15T19:36:49+00:00\",\"dateModified\":\"2026-01-15T19:36:52+00:00\",\"mainEntityOfPage\":{\"@id\":\"http:\\\/\\\/elevatecompetences.com\\\/es\\\/webinar-elevate-como-evaluar-la-competencia-transcultural-de-tu-organizacion\\\/\"},\"wordCount\":185,\"publisher\":{\"@id\":\"http:\\\/\\\/elevatecompetences.com\\\/es\\\/#organization\"},\"image\":{\"@id\":\"http:\\\/\\\/elevatecompetences.com\\\/es\\\/webinar-elevate-como-evaluar-la-competencia-transcultural-de-tu-organizacion\\\/#primaryimage\"},\"thumbnailUrl\":\"http:\\\/\\\/elevatecompetences.com\\\/wp-content\\\/uploads\\\/2026\\\/01\\\/Competencia-transcultural-de-las-organizaciones_Banner.png\",\"articleSection\":[\"Uncategorized\"],\"inLanguage\":\"es\"},{\"@type\":\"WebPage\",\"@id\":\"http:\\\/\\\/elevatecompetences.com\\\/es\\\/webinar-elevate-como-evaluar-la-competencia-transcultural-de-tu-organizacion\\\/\",\"url\":\"http:\\\/\\\/elevatecompetences.com\\\/es\\\/webinar-elevate-como-evaluar-la-competencia-transcultural-de-tu-organizacion\\\/\",\"name\":\"Eval\u00faa la competencia transcultural de tu organizaci\u00f3n. De verdad. - ELEVATE\",\"isPartOf\":{\"@id\":\"http:\\\/\\\/elevatecompetences.com\\\/es\\\/#website\"},\"primaryImageOfPage\":{\"@id\":\"http:\\\/\\\/elevatecompetences.com\\\/es\\\/webinar-elevate-como-evaluar-la-competencia-transcultural-de-tu-organizacion\\\/#primaryimage\"},\"image\":{\"@id\":\"http:\\\/\\\/elevatecompetences.com\\\/es\\\/webinar-elevate-como-evaluar-la-competencia-transcultural-de-tu-organizacion\\\/#primaryimage\"},\"thumbnailUrl\":\"http:\\\/\\\/elevatecompetences.com\\\/wp-content\\\/uploads\\\/2026\\\/01\\\/Competencia-transcultural-de-las-organizaciones_Banner.png\",\"datePublished\":\"2026-01-15T19:36:49+00:00\",\"dateModified\":\"2026-01-15T19:36:52+00:00\",\"breadcrumb\":{\"@id\":\"http:\\\/\\\/elevatecompetences.com\\\/es\\\/webinar-elevate-como-evaluar-la-competencia-transcultural-de-tu-organizacion\\\/#breadcrumb\"},\"inLanguage\":\"es\",\"potentialAction\":[{\"@type\":\"ReadAction\",\"target\":[\"http:\\\/\\\/elevatecompetences.com\\\/es\\\/webinar-elevate-como-evaluar-la-competencia-transcultural-de-tu-organizacion\\\/\"]}]},{\"@type\":\"ImageObject\",\"inLanguage\":\"es\",\"@id\":\"http:\\\/\\\/elevatecompetences.com\\\/es\\\/webinar-elevate-como-evaluar-la-competencia-transcultural-de-tu-organizacion\\\/#primaryimage\",\"url\":\"http:\\\/\\\/elevatecompetences.com\\\/wp-content\\\/uploads\\\/2026\\\/01\\\/Competencia-transcultural-de-las-organizaciones_Banner.png\",\"contentUrl\":\"http:\\\/\\\/elevatecompetences.com\\\/wp-content\\\/uploads\\\/2026\\\/01\\\/Competencia-transcultural-de-las-organizaciones_Banner.png\",\"width\":1200,\"height\":627,\"caption\":\"webinar elevate competences\"},{\"@type\":\"BreadcrumbList\",\"@id\":\"http:\\\/\\\/elevatecompetences.com\\\/es\\\/webinar-elevate-como-evaluar-la-competencia-transcultural-de-tu-organizacion\\\/#breadcrumb\",\"itemListElement\":[{\"@type\":\"ListItem\",\"position\":1,\"name\":\"Home\",\"item\":\"http:\\\/\\\/elevatecompetences.com\\\/es\\\/home-spanish\\\/\"},{\"@type\":\"ListItem\",\"position\":2,\"name\":\"Eval\u00faa la competencia transcultural de tu organizaci\u00f3n. De verdad.\"}]},{\"@type\":\"WebSite\",\"@id\":\"http:\\\/\\\/elevatecompetences.com\\\/es\\\/#website\",\"url\":\"http:\\\/\\\/elevatecompetences.com\\\/es\\\/\",\"name\":\"ELEVATE\",\"description\":\"Funded by the Erasmus+ Programme, ELEVATE brings together an international consortium of academic institutions, training providers, and social innovation organizations across different european countries. The project aims to redefine how intercultural competence is developed, evaluated, and sustained in vocational education and training (VET) and in broader organizational learning ecosystems.\",\"publisher\":{\"@id\":\"http:\\\/\\\/elevatecompetences.com\\\/es\\\/#organization\"},\"potentialAction\":[{\"@type\":\"SearchAction\",\"target\":{\"@type\":\"EntryPoint\",\"urlTemplate\":\"http:\\\/\\\/elevatecompetences.com\\\/es\\\/?s={search_term_string}\"},\"query-input\":{\"@type\":\"PropertyValueSpecification\",\"valueRequired\":true,\"valueName\":\"search_term_string\"}}],\"inLanguage\":\"es\"},{\"@type\":\"Organization\",\"@id\":\"http:\\\/\\\/elevatecompetences.com\\\/es\\\/#organization\",\"name\":\"ELEVATE\",\"url\":\"http:\\\/\\\/elevatecompetences.com\\\/es\\\/\",\"logo\":{\"@type\":\"ImageObject\",\"inLanguage\":\"es\",\"@id\":\"http:\\\/\\\/elevatecompetences.com\\\/es\\\/#\\\/schema\\\/logo\\\/image\\\/\",\"url\":\"http:\\\/\\\/elevatecompetences.com\\\/wp-content\\\/uploads\\\/2025\\\/02\\\/elevate-4-1.png\",\"contentUrl\":\"http:\\\/\\\/elevatecompetences.com\\\/wp-content\\\/uploads\\\/2025\\\/02\\\/elevate-4-1.png\",\"width\":208,\"height\":245,\"caption\":\"ELEVATE\"},\"image\":{\"@id\":\"http:\\\/\\\/elevatecompetences.com\\\/es\\\/#\\\/schema\\\/logo\\\/image\\\/\"}},{\"@type\":\"Person\",\"@id\":\"http:\\\/\\\/elevatecompetences.com\\\/es\\\/#\\\/schema\\\/person\\\/fc2f48f0903d70adabdbfe3d0c657135\",\"name\":\"admin\",\"image\":{\"@type\":\"ImageObject\",\"inLanguage\":\"es\",\"@id\":\"https:\\\/\\\/secure.gravatar.com\\\/avatar\\\/964f376c899f6760e6effe21c78e54227dd005287caf930e8278ea56885b65ee?s=96&d=mm&r=g\",\"url\":\"https:\\\/\\\/secure.gravatar.com\\\/avatar\\\/964f376c899f6760e6effe21c78e54227dd005287caf930e8278ea56885b65ee?s=96&d=mm&r=g\",\"contentUrl\":\"https:\\\/\\\/secure.gravatar.com\\\/avatar\\\/964f376c899f6760e6effe21c78e54227dd005287caf930e8278ea56885b65ee?s=96&d=mm&r=g\",\"caption\":\"admin\"},\"sameAs\":[\"http:\\\/\\\/elevatecompetences.com\"],\"url\":\"http:\\\/\\\/elevatecompetences.com\\\/es\\\/author\\\/admin\\\/\"}]}<\/script>\n<!-- \/ Yoast SEO plugin. -->","yoast_head_json":{"title":"Eval\u00faa la competencia transcultural de tu organizaci\u00f3n. De verdad. - ELEVATE","robots":{"index":"index","follow":"follow","max-snippet":"max-snippet:-1","max-image-preview":"max-image-preview:large","max-video-preview":"max-video-preview:-1"},"canonical":"http:\/\/elevatecompetences.com\/es\/webinar-elevate-como-evaluar-la-competencia-transcultural-de-tu-organizacion\/","og_locale":"es_ES","og_type":"article","og_title":"Eval\u00faa la competencia transcultural de tu organizaci\u00f3n. De verdad. - ELEVATE","og_description":"Muchas organizaciones trabajan DEI, pero siguen sin poder responder a una pregunta clave: \u00bfD\u00f3nde estamos realmente y qu\u00e9 nos est\u00e1 bloqueando? Intercultures, uno de nuestros partners, est\u00e1 organizando el\u00a0webinar online &#8220;Competencia transcultural de las organizaciones&#8221; el 22 de enero de 2026 de 15 h a 16h\u00a0(CET) donde van a presentar\u00a0el self-assessment de competencia transcultural desarrollado [&hellip;]","og_url":"http:\/\/elevatecompetences.com\/es\/webinar-elevate-como-evaluar-la-competencia-transcultural-de-tu-organizacion\/","og_site_name":"ELEVATE","article_published_time":"2026-01-15T19:36:49+00:00","article_modified_time":"2026-01-15T19:36:52+00:00","og_image":[{"width":1200,"height":627,"url":"http:\/\/elevatecompetences.com\/wp-content\/uploads\/2026\/01\/Competencia-transcultural-de-las-organizaciones_Banner.png","type":"image\/png"}],"author":"admin","twitter_card":"summary_large_image","twitter_misc":{"Escrito por":"admin","Tiempo de lectura":"2 minutos"},"schema":{"@context":"https:\/\/schema.org","@graph":[{"@type":"Article","@id":"http:\/\/elevatecompetences.com\/es\/webinar-elevate-como-evaluar-la-competencia-transcultural-de-tu-organizacion\/#article","isPartOf":{"@id":"http:\/\/elevatecompetences.com\/es\/webinar-elevate-como-evaluar-la-competencia-transcultural-de-tu-organizacion\/"},"author":{"name":"admin","@id":"http:\/\/elevatecompetences.com\/es\/#\/schema\/person\/fc2f48f0903d70adabdbfe3d0c657135"},"headline":"Eval\u00faa la competencia transcultural de tu organizaci\u00f3n. De verdad.","datePublished":"2026-01-15T19:36:49+00:00","dateModified":"2026-01-15T19:36:52+00:00","mainEntityOfPage":{"@id":"http:\/\/elevatecompetences.com\/es\/webinar-elevate-como-evaluar-la-competencia-transcultural-de-tu-organizacion\/"},"wordCount":185,"publisher":{"@id":"http:\/\/elevatecompetences.com\/es\/#organization"},"image":{"@id":"http:\/\/elevatecompetences.com\/es\/webinar-elevate-como-evaluar-la-competencia-transcultural-de-tu-organizacion\/#primaryimage"},"thumbnailUrl":"http:\/\/elevatecompetences.com\/wp-content\/uploads\/2026\/01\/Competencia-transcultural-de-las-organizaciones_Banner.png","articleSection":["Uncategorized"],"inLanguage":"es"},{"@type":"WebPage","@id":"http:\/\/elevatecompetences.com\/es\/webinar-elevate-como-evaluar-la-competencia-transcultural-de-tu-organizacion\/","url":"http:\/\/elevatecompetences.com\/es\/webinar-elevate-como-evaluar-la-competencia-transcultural-de-tu-organizacion\/","name":"Eval\u00faa la competencia transcultural de tu organizaci\u00f3n. De verdad. - ELEVATE","isPartOf":{"@id":"http:\/\/elevatecompetences.com\/es\/#website"},"primaryImageOfPage":{"@id":"http:\/\/elevatecompetences.com\/es\/webinar-elevate-como-evaluar-la-competencia-transcultural-de-tu-organizacion\/#primaryimage"},"image":{"@id":"http:\/\/elevatecompetences.com\/es\/webinar-elevate-como-evaluar-la-competencia-transcultural-de-tu-organizacion\/#primaryimage"},"thumbnailUrl":"http:\/\/elevatecompetences.com\/wp-content\/uploads\/2026\/01\/Competencia-transcultural-de-las-organizaciones_Banner.png","datePublished":"2026-01-15T19:36:49+00:00","dateModified":"2026-01-15T19:36:52+00:00","breadcrumb":{"@id":"http:\/\/elevatecompetences.com\/es\/webinar-elevate-como-evaluar-la-competencia-transcultural-de-tu-organizacion\/#breadcrumb"},"inLanguage":"es","potentialAction":[{"@type":"ReadAction","target":["http:\/\/elevatecompetences.com\/es\/webinar-elevate-como-evaluar-la-competencia-transcultural-de-tu-organizacion\/"]}]},{"@type":"ImageObject","inLanguage":"es","@id":"http:\/\/elevatecompetences.com\/es\/webinar-elevate-como-evaluar-la-competencia-transcultural-de-tu-organizacion\/#primaryimage","url":"http:\/\/elevatecompetences.com\/wp-content\/uploads\/2026\/01\/Competencia-transcultural-de-las-organizaciones_Banner.png","contentUrl":"http:\/\/elevatecompetences.com\/wp-content\/uploads\/2026\/01\/Competencia-transcultural-de-las-organizaciones_Banner.png","width":1200,"height":627,"caption":"webinar elevate competences"},{"@type":"BreadcrumbList","@id":"http:\/\/elevatecompetences.com\/es\/webinar-elevate-como-evaluar-la-competencia-transcultural-de-tu-organizacion\/#breadcrumb","itemListElement":[{"@type":"ListItem","position":1,"name":"Home","item":"http:\/\/elevatecompetences.com\/es\/home-spanish\/"},{"@type":"ListItem","position":2,"name":"Eval\u00faa la competencia transcultural de tu organizaci\u00f3n. De verdad."}]},{"@type":"WebSite","@id":"http:\/\/elevatecompetences.com\/es\/#website","url":"http:\/\/elevatecompetences.com\/es\/","name":"ELEVAR","description":"Funded by the Erasmus+ Programme, ELEVATE brings together an international consortium of academic institutions, training providers, and social innovation organizations across different european countries. The project aims to redefine how intercultural competence is developed, evaluated, and sustained in vocational education and training (VET) and in broader organizational learning ecosystems.","publisher":{"@id":"http:\/\/elevatecompetences.com\/es\/#organization"},"potentialAction":[{"@type":"SearchAction","target":{"@type":"EntryPoint","urlTemplate":"http:\/\/elevatecompetences.com\/es\/?s={search_term_string}"},"query-input":{"@type":"PropertyValueSpecification","valueRequired":true,"valueName":"search_term_string"}}],"inLanguage":"es"},{"@type":"Organization","@id":"http:\/\/elevatecompetences.com\/es\/#organization","name":"ELEVAR","url":"http:\/\/elevatecompetences.com\/es\/","logo":{"@type":"ImageObject","inLanguage":"es","@id":"http:\/\/elevatecompetences.com\/es\/#\/schema\/logo\/image\/","url":"http:\/\/elevatecompetences.com\/wp-content\/uploads\/2025\/02\/elevate-4-1.png","contentUrl":"http:\/\/elevatecompetences.com\/wp-content\/uploads\/2025\/02\/elevate-4-1.png","width":208,"height":245,"caption":"ELEVATE"},"image":{"@id":"http:\/\/elevatecompetences.com\/es\/#\/schema\/logo\/image\/"}},{"@type":"Person","@id":"http:\/\/elevatecompetences.com\/es\/#\/schema\/person\/fc2f48f0903d70adabdbfe3d0c657135","name":"admin","image":{"@type":"ImageObject","inLanguage":"es","@id":"https:\/\/secure.gravatar.com\/avatar\/964f376c899f6760e6effe21c78e54227dd005287caf930e8278ea56885b65ee?s=96&d=mm&r=g","url":"https:\/\/secure.gravatar.com\/avatar\/964f376c899f6760e6effe21c78e54227dd005287caf930e8278ea56885b65ee?s=96&d=mm&r=g","contentUrl":"https:\/\/secure.gravatar.com\/avatar\/964f376c899f6760e6effe21c78e54227dd005287caf930e8278ea56885b65ee?s=96&d=mm&r=g","caption":"admin"},"sameAs":["http:\/\/elevatecompetences.com"],"url":"http:\/\/elevatecompetences.com\/es\/author\/admin\/"}]}},"_links":{"self":[{"href":"http:\/\/elevatecompetences.com\/es\/wp-json\/wp\/v2\/posts\/10386","targetHints":{"allow":["GET"]}}],"collection":[{"href":"http:\/\/elevatecompetences.com\/es\/wp-json\/wp\/v2\/posts"}],"about":[{"href":"http:\/\/elevatecompetences.com\/es\/wp-json\/wp\/v2\/types\/post"}],"author":[{"embeddable":true,"href":"http:\/\/elevatecompetences.com\/es\/wp-json\/wp\/v2\/users\/1"}],"replies":[{"embeddable":true,"href":"http:\/\/elevatecompetences.com\/es\/wp-json\/wp\/v2\/comments?post=10386"}],"version-history":[{"count":1,"href":"http:\/\/elevatecompetences.com\/es\/wp-json\/wp\/v2\/posts\/10386\/revisions"}],"predecessor-version":[{"id":10388,"href":"http:\/\/elevatecompetences.com\/es\/wp-json\/wp\/v2\/posts\/10386\/revisions\/10388"}],"wp:featuredmedia":[{"embeddable":true,"href":"http:\/\/elevatecompetences.com\/es\/wp-json\/wp\/v2\/media\/10387"}],"wp:attachment":[{"href":"http:\/\/elevatecompetences.com\/es\/wp-json\/wp\/v2\/media?parent=10386"}],"wp:term":[{"taxonomy":"category","embeddable":true,"href":"http:\/\/elevatecompetences.com\/es\/wp-json\/wp\/v2\/categories?post=10386"},{"taxonomy":"post_tag","embeddable":true,"href":"http:\/\/elevatecompetences.com\/es\/wp-json\/wp\/v2\/tags?post=10386"}],"curies":[{"name":"wp","href":"https:\/\/api.w.org\/{rel}","templated":true}]}}